{"id":912,"date":"2011-07-21T15:57:20","date_gmt":"2011-07-21T14:57:20","guid":{"rendered":"http:\/\/blog.marosh.cz\/?p=912"},"modified":"2011-07-21T15:57:20","modified_gmt":"2011-07-21T14:57:20","slug":"letni-byt","status":"publish","type":"post","link":"http:\/\/blog.marosh.cz\/index.php\/2011\/07\/21\/letni-byt\/","title":{"rendered":"Letn\u00ed byt"},"content":{"rendered":"<p>Jednou za p\u016fl roku by mohl na blog p\u0159isp\u011bt i takov\u00fd lempl jako jsem j\u00e1. To by se ov\u0161em n\u011bco muselo d\u00edt. Samoz\u0159ejm\u011b bych tady mohl ps\u00e1t o tom, kterak tr\u00e1v\u00edm dny zav\u0159en\u00fd s pr\u00e1vnick\u00fdmi materi\u00e1ly na 1.SSZK, abych n\u00e1sledn\u011b vym\u011bknul a ze st\u00e1tnice se odhl\u00e1sil, ale nechci nudit. Tak p\u0159id\u00e1v\u00e1m aspo\u0148 fotku z letn\u00edho bytu a doporu\u010den\u00ed na Valle d&#8217;Aosta\/Vall\u00e9e d&#8217;Aoste. Je to It\u00e1lie se v\u0161\u00edm t\u00edm trouben\u00edm, m\u00edrn\u00fdm bord\u00fdlkem, v\u00fdborn\u00fdm j\u00eddlem a moc mil\u00fdmi lidmi. Oproti jin\u00fdm region\u016fm m\u00e1 ov\u0161em tu vyhodu, \u017ee kdy\u017e \u010dlov\u011bka p\u0159estane bavit konverzace v ital\u0161tin\u011b (Tedesco? No, Ceco! Praga? Si! Praga bella! Si, grazie!), tak se v pohod\u011b domluv\u00ed francouzsky, proto\u017ee se jedn\u00e1 o dvojjazy\u010dn\u00fd region a i \u0161kola tam m\u00e1 na sob\u011b naps\u00e1no Ecole Primaire \/ Scuola Elementare. Nav\u00edc hory tam maj\u00ed kr\u00e1sn\u00e9 a ubytovac\u00ed kapacity jedna b\u00e1se\u0148 \u2013 v\u0161ak posu\u010fte sami:<\/p>\n<figure id=\"attachment_913\" aria-describedby=\"caption-attachment-913\" style=\"width: 320px\" class=\"wp-caption aligncenter\"><a href=\"http:\/\/blog.marosh.cz\/wp-content\/uploads\/2011\/07\/bivak.jpg\"><img loading=\"lazy\" class=\"size-medium wp-image-913\" title=\"Bivacco Paolo Perelli Cippo\" src=\"http:\/\/blog.marosh.cz\/wp-content\/uploads\/2011\/07\/bivak-320x212.jpg\" alt=\"Bivacco Paolo Perelli Cippo\" width=\"320\" height=\"212\" \/><\/a><figcaption id=\"caption-attachment-913\" class=\"wp-caption-text\">Bivacco Paolo Perelli Cippo, 3831 m s.l.m.<\/figcaption><\/figure>\n","protected":false},"excerpt":{"rendered":"<p>Jednou za p\u016fl roku by mohl na blog p\u0159isp\u011bt i takov\u00fd lempl jako jsem j\u00e1. To by se ov\u0161em n\u011bco muselo d\u00edt. Samoz\u0159ejm\u011b bych tady mohl ps\u00e1t o tom, kterak tr\u00e1v\u00edm dny zav\u0159en\u00fd s pr\u00e1vnick\u00fdmi materi\u00e1ly na 1.SSZK, abych n\u00e1sledn\u011b vym\u011bknul a ze st\u00e1tnice se odhl\u00e1sil, ale nechci nudit. Tak p\u0159id\u00e1v\u00e1m aspo\u0148 fotku z letn\u00edho [&hellip;]<\/p>\n","protected":false},"author":1,"featured_media":0,"comment_status":"open","ping_status":"open","sticky":false,"template":"","format":"standard","meta":[],"categories":[3],"tags":[],"_links":{"self":[{"href":"http:\/\/blog.marosh.cz\/index.php\/wp-json\/wp\/v2\/posts\/912"}],"collection":[{"href":"http:\/\/blog.marosh.cz\/index.php\/wp-json\/wp\/v2\/posts"}],"about":[{"href":"http:\/\/blog.marosh.cz\/index.php\/wp-json\/wp\/v2\/types\/post"}],"author":[{"embeddable":true,"href":"http:\/\/blog.marosh.cz\/index.php\/wp-json\/wp\/v2\/users\/1"}],"replies":[{"embeddable":true,"href":"http:\/\/blog.marosh.cz\/index.php\/wp-json\/wp\/v2\/comments?post=912"}],"version-history":[{"count":0,"href":"http:\/\/blog.marosh.cz\/index.php\/wp-json\/wp\/v2\/posts\/912\/revisions"}],"wp:attachment":[{"href":"http:\/\/blog.marosh.cz\/index.php\/wp-json\/wp\/v2\/media?parent=912"}],"wp:term":[{"taxonomy":"category","embeddable":true,"href":"http:\/\/blog.marosh.cz\/index.php\/wp-json\/wp\/v2\/categories?post=912"},{"taxonomy":"post_tag","embeddable":true,"href":"http:\/\/blog.marosh.cz\/index.php\/wp-json\/wp\/v2\/tags?post=912"}],"curies":[{"name":"wp","href":"https:\/\/api.w.org\/{rel}","templated":true}]}}