{"id":887,"date":"2011-01-06T16:05:48","date_gmt":"2011-01-06T15:05:48","guid":{"rendered":"http:\/\/blog.marosh.cz\/?p=887"},"modified":"2011-01-06T16:05:48","modified_gmt":"2011-01-06T15:05:48","slug":"kolik-je-11-na-fsv","status":"publish","type":"post","link":"http:\/\/blog.marosh.cz\/index.php\/2011\/01\/06\/kolik-je-11-na-fsv\/","title":{"rendered":"Kolik je 1+1 na FSV?"},"content":{"rendered":"<p>Zabrousil jsem v\u010dera na str\u00e1nky \u201e\u010dasopisu student\u016f FSV\u201c a tam byla pom\u011brn\u011b zaj\u00edm\u00e1v\u00e1 zpr\u00e1va o tom, \u017ee podoba nov\u00e9ho webu FSV od spole\u010dnosti Motion Media <a href=\"http:\/\/social.ukmedia.cz\/exkluzivne-nahled-webu-fsv\" target=\"_blank\" rel=\"noopener\">unikla na ve\u0159ejnost<\/a>. To m\u011b samoz\u0159ejm\u011b zaujalo. Kdy\u017e n\u011bco unik\u00e1, tak je to toti\u017e v\u017edycky zaj\u00edmav\u00fd. \u010cpavek do vzduchu, dokumenty z americk\u00e9 ambas\u00e1dy nebo Julian p\u0159ed polici\u00ed \u2013 ka\u017ed\u00fd \u00fanik m\u00e1 sv\u00e9 obecenstvo jist\u00e9.<br \/>\nZat\u00edmco se \u0161\u00e9fredaktorka Soci\u00e1lu v \u010dl\u00e1nku pustila do p\u0159em\u00edt\u00e1n\u00ed o estetice nov\u00e9ho webu (ten nov\u00fd je sv\u011b\u017e\u00ed, zat\u00edmco ten star\u00fd&#8230; ten sv\u011b\u017e\u00ed nen\u00ed!) m\u011b zaujala jin\u00e1 v\u011bc \u2013 zm\u00ednka o extern\u00edch odborn\u00edc\u00edch, kte\u0159\u00ed mimo jin\u00e9 sed\u011bli v komisi je\u017e web vyb\u00edrala. Jedn\u00edm z nich m\u011bl b\u00fdt n\u011bkdo z t\u00fdden\u00edku Marketing a m\u00e9dia. \u00a0No, ka\u017ed\u00fd kdo n\u011bkdy pro\u0161el po Smetanov\u011b n\u00e1b\u0159e\u017e\u00ed tu\u0161\u00ed, \u017ee t\u00fdden\u00edk M&amp;M je fakult\u011b extern\u00ed asi jako j\u00e1 hospod\u011b U T\u0159\u00ed lip. Cel\u00e9 je to o to vtipn\u011bj\u0161\u00ed, \u017ee ona osoba v komisi je PhDr. Martina Vojt\u011bchovsk\u00e1 Ph.D., kter\u00e1 je mimo jin\u00e9 spoluautorkou publikace \u201eMetody v\u00fdzkumu m\u00e9di\u00ed\u201c spolu s PhDr. Tom\u00e1\u0161em Trampotou Ph.D. (kter\u00fd je zase odborn\u00edkem intern\u00edm). Budi\u017e, \u010desk\u00fd medi\u00e1ln\u00ed rybn\u00edk je mal\u00fd a tohle je\u0161t\u011b nen\u00ed nic proti ni\u010demu.<br \/>\nPak jsem se ale pod\u00edval, kdo d\u011blal ji\u017e d\u0159\u00edve str\u00e1nky jednotliv\u00fdch institut\u016f, proto\u017ee jen IKS\u017d, IPS a ISS maj\u00ed weby tak\u0159\u00edkaj\u00edc na stejn\u00e9m (fakultn\u00edm) z\u00e1kladu, kde\u017eto IES, a IMS maj\u00ed weby rozd\u00edln\u00e9. Nu\u017ee, weby IES a IMS m\u00e1 na sv\u011bdom\u00ed\u2026 spr\u00e1vn\u011b, spole\u010dnost Motion Media.<br \/>\n<!-- br--><br \/>\n<!-- br--><\/p>\n<figure id=\"attachment_888\" aria-describedby=\"caption-attachment-888\" style=\"width: 320px\" class=\"wp-caption aligncenter\"><a href=\"http:\/\/blog.marosh.cz\/wp-content\/uploads\/2011\/01\/iesmmweb.jpg\"><img loading=\"lazy\" class=\"size-medium wp-image-888\" title=\"iesmmweb\" src=\"http:\/\/blog.marosh.cz\/wp-content\/uploads\/2011\/01\/iesmmweb-320x231.jpg\" alt=\"\" width=\"320\" height=\"231\" \/><\/a><figcaption id=\"caption-attachment-888\" class=\"wp-caption-text\">Webov\u00e9 str\u00e1nky IES - developed by Motion Media<\/figcaption><\/figure>\n<p><!-- br--><\/p>\n<figure id=\"attachment_889\" aria-describedby=\"caption-attachment-889\" style=\"width: 320px\" class=\"wp-caption aligncenter\"><a href=\"http:\/\/blog.marosh.cz\/wp-content\/uploads\/2011\/01\/imsmmweb.jpg\"><img loading=\"lazy\" class=\"size-medium wp-image-889\" title=\"imsmmweb\" src=\"http:\/\/blog.marosh.cz\/wp-content\/uploads\/2011\/01\/imsmmweb-320x230.jpg\" alt=\"\" width=\"320\" height=\"230\" \/><\/a><figcaption id=\"caption-attachment-889\" class=\"wp-caption-text\">Webov\u00e9 str\u00e1nky IMS - designed by Motion Media (pro zm\u011bnu)<\/figcaption><\/figure>\n<p><!-- br--><\/p>\n<p><!-- br--><br \/>\nV\u011bt\u0159\u00edte? Bude h\u016f\u0159. Nedalo mi to a ozval jsem se sv\u00e9mu kamar\u00e1dovi, kter\u00fd m\u00e9dia sice nestuduje, ale zato v nich pracuje a m\u00e1 p\u0159ehled: <em>\u201eTy draku, m\u011b se to n\u011bjak nezd\u00e1 \u017ee tahle firma t\u00fd na\u0161\u00ed fakult\u011b d\u011bl\u00e1 jeden web za druhym. Nemysl\u00ed\u0161, \u017ee to je n\u011bjak\u00fd cinkl\u00fd?\u201c<\/em> \u2026 <em>\u201eNo v\u017edy\u0165 ten majitel tam voca\u010f vylez, tak kdo by to m\u011bl d\u011blat? Tys byl v\u017edycky chytrej kluk, tak si to dej dohromady\u2026\u201c<\/em> No a ono fakt:<\/p>\n<p><!-- br--><\/p>\n<p><!-- br--><\/p>\n<figure id=\"attachment_890\" aria-describedby=\"caption-attachment-890\" style=\"width: 320px\" class=\"wp-caption aligncenter\"><a href=\"http:\/\/blog.marosh.cz\/wp-content\/uploads\/2011\/01\/janouseklinkedin.jpg\"><img loading=\"lazy\" class=\"size-medium wp-image-890\" title=\"janouseklinkedin\" src=\"http:\/\/blog.marosh.cz\/wp-content\/uploads\/2011\/01\/janouseklinkedin-320x375.jpg\" alt=\"\" width=\"320\" height=\"375\" \/><\/a><figcaption id=\"caption-attachment-890\" class=\"wp-caption-text\">... v mezin\u00e1rodn\u00edm pr\u00e1vu se tomu \u0159\u00edk\u00e1 &#39;genuine link&#39; \ud83d\ude42<\/figcaption><\/figure>\n<p><!-- br--><\/p>\n<p><!-- br--><br \/>\nMoc tomu nerozum\u00edm&#8230; pot\u0159ebuje ka\u017ed\u00fd institut sv\u016fj web? Je web p\u0159edev\u0161\u00edm pro studenty nebo pro uchaze\u010de? Nebylo by tedy lep\u0161\u00ed pro uchaze\u010de ud\u011blat n\u011bjakou nale\u0161t\u011bnou microsite (m\u00e1me-li pocit, \u017ee o ni uchaze\u010di stoj\u00ed) a pro studenty oby\u010dejn\u00fd p\u0159ehledn\u00fd web? Nebo prost\u011b pou\u017e\u00edvat pro komunikaci se studenty ISu (modul N\u00e1st\u011bnka)? Kolik u\u017e slu\u017eby t\u00e9to firmy vlastn\u011b fakultu (jej\u00ed instituty) st\u00e1ly a kolik ji je\u0161t\u011b budou st\u00e1t? Do t\u011bchto v\u011bc\u00ed nemluv\u00ed sen\u00e1t? D\u011blaj\u00ed ti sen\u00e1to\u0159i n\u011bco? Pokud tedy nutn\u011b pot\u0159ebujeme nov\u00fd web, nen\u00ed lep\u0161\u00ed ud\u011blat focus group s c\u00edlovou skupinou (kdy\u017e bychom si ur\u010dili, kdo j\u00ed opravdu je) ne\u017e spol\u00e9hat na n\u011bjak\u00e9 radobyextern\u00ed odborn\u00edky? Co ty ostatn\u00ed n\u00e1vrhy, vid\u011bl je n\u011bkdo jin\u00fd ne\u017e komise? Je to teda cinkl\u00fd nebo ne? \ud83d\ude42 Bu\u010f jak bu\u010f\u2026 m\u00e1m pocit, \u017ee panu d\u011bkanovi se tato sout\u011b\u017e moc nepovedla. Kn\u00ed\u017eku na doma si z knihovny prakticky nep\u016fj\u010d\u00edte (nejsou pen\u00edze=nejsou kn\u00ed\u017eky), ale web m\u00e1me holt frikul\u00ednsk\u00fd (a nav\u00edc ne jeden).<\/p>\n<p><!-- br--><br \/>\n<!-- br--><\/p>\n<p><strong>EDIT:<\/strong> Abych to tady n\u011bjak zakon\u010dil \u2013 poslal jsem celou z\u00e1le\u017eitost jako podn\u011bt \u00a0Akademick\u00e9mu sen\u00e1tu FSV. Ptal jsem se v\u00edcem\u00e9n\u011b na ot\u00e1zky z minul\u00e9ho odstavce a veden\u00ed p\u0159isl\u00edbilo na zased\u00e1n\u00ed AS 8.2. svou \u00fa\u010dast. Budi\u017e jim p\u0159i\u010dteno k dobru, \u017ee opravdu dorazili a m\u011bli snahu na ot\u00e1zky odpov\u011bd\u011bt. Rovn\u011b\u017e se jim d\u00e1 p\u0159i\u010d\u00edst k dobru i fakt, \u017ee (podle pap\u00edrov\u00fdch n\u00e1vrh\u016f, kter\u00e9 mi prod\u011bkan L\u00e1b ochotn\u011b uk\u00e1zal) byl n\u00e1vrh Motion Media opravdu jedn\u00edm z nejlep\u0161\u00edch. Osobn\u011b se mi mo\u017en\u00e1 l\u00edbil v\u00edce grafick\u00fd n\u00e1vrh, kter\u00fd skon\u010dil jako druh\u00fd v po\u0159ad\u00ed, ale ch\u00e1pu v\u00fdtku komise, \u017ee p\u0159edkladatel nem\u00e1 dostate\u010dn\u00e9 reference. To by bylo v po\u0159\u00e1dku, kdyby z\u00e1rove\u0148 veden\u00ed jedn\u00edm dechem nedod\u00e1valo, \u017ee Motion Media v\u00fdznamn\u011b pomohl fakt, \u017ee ji\u017e m\u011bla reference z IES. D\u00e1le byl ozna\u010den vztah, kdy fakulta zad\u00e1v\u00e1 zak\u00e1zky sv\u00fdm absolvent\u016fm za \u201ealumni spolupr\u00e1ci\u201d, s \u010d\u00edm\u017e rovn\u011b\u017e nemohu souhlasit. Pod dobr\u00fdmi vztahy s absolventy si dok\u00e1\u017eu p\u0159edstavit nap\u0159. zaj\u00edmav\u00e9 p\u0159edn\u00e1\u0161ky z jejich praxe, ale nemysl\u00edm, \u017ee obchodn\u00ed spolupr\u00e1ce je t\u00edm prav\u00fdm. Kdy\u017e nic jin\u00e9ho, nevypad\u00e1 to dle m\u00e9ho soudu \u00fapln\u011b dob\u0159e. \u010c\u00edm\u017e se dost\u00e1v\u00e1me ke smlouv\u00e1m a pen\u011bz\u016fm.<\/p>\n<p>Pro m\u011b je naprosto nepochopiteln\u00e9, \u017ee m\u016fj z\u00e1jem pod\u00edvat se na smlouvy s Motion Media vyvol\u00e1 div ne paniku. P\u0159edseda AS Cahl\u00edk se ve sv\u00e9m mailu v podkladech pro zased\u00e1n\u00ed vyj\u00e1d\u0159\u00ed o zve\u0159ejn\u011bn\u00ed smluv jako o \u201enaprosto neobvykl\u00e9m\u201c po\u017eadavku, jeden ze sen\u00e1tor\u016f (tu\u0161\u00edm, \u017ee to byl sen\u00e1tor \u010cervinka, ale nerad bych se pletl) je na zased\u00e1n\u00ed opakovan\u011b ozna\u010d\u00ed za \u201eintern\u00ed dokument\u201c. Pro\u010d? Dnes a denn\u011b se v\u0161ude sklo\u0148uje transparentnost, ale kdy\u017e m\u00e1 b\u00fdt pr\u016fhledn\u00e1 fakulta, tak je to neobvykl\u00e9? <a href=\"http:\/\/hn.ihned.cz\/c1-49260650-ucty-statu-chteji-najednou-zverejnovat-vsichni\" target=\"_blank\" rel=\"noopener\">Zve\u0159ejnovat cht\u011bj\u00ed v\u0161ichni<\/a>, jenom ne FSV? Jedin\u00fd probl\u00e9m kter\u00fd v tom vid\u00edm je dal\u0161\u00edm administrativn\u00ed z\u00e1t\u011b\u017e&#8230; tu samoz\u0159ejm\u011b pop\u0159\u00edt nem\u016f\u017eu.<\/p>\n<p>Ale je\u0161t\u011b zp\u011bt k \u010d\u00edsl\u016fm: jestli jsem si poznamenal spr\u00e1vn\u011b, tak FSV a jej\u00ed jednotliv\u00e9 instituty zaplatily za uplynul\u00fd rok spole\u010dnosti Motion Media \u010d\u00e1stku 235.000,- K\u010d. Z \u010deho\u017e bylo 40k za sout\u011b\u017e, 16k za dal\u0161\u00ed \u00fapravy nov\u00e9ho webu po sout\u011b\u017ei, 55k plat\u00ed IES FSV za \u201espr\u00e1vu\u201c sv\u00fdch str\u00e1nek, zbytek je za nejr\u016fzn\u011bj\u0161\u00ed grafick\u00e9 pr\u00e1ce, let\u00e1ky atd. Znovu \u2013 osobn\u011b mi to p\u0159ijde hodn\u011b. Webov\u00e9 str\u00e1nky p\u0159ece nejsou automobil italsk\u00e9 v\u00fdroby, \u017ee by se do nich muselo d\u00e1t co chv\u00edli pades\u00e1t tis\u00edc, aby se udr\u017eely v chodu. Nebo se ka\u017ed\u00e1 novinka z Opletalovy pos\u00edl\u00e1 e-mailem on\u00e9 spole\u010dnosti a ta ji um\u00eds\u0165uje na internet? Rovn\u011b\u017e m\u011b jeden ze sen\u00e1tor\u016f pobavil, kdy\u017e p\u0159i\u0161el s argumentem, \u017ee co si d\u011bl\u00e1 IES je jen jejich v\u011bc (a m\u011b to nemus\u00ed zaj\u00edmat). Ano jist\u011b&#8230; nech\u0165 si t\u0159eba sypou zla\u0165\u00e1ky z oken. Studenti IES budou jist\u011b v\u00fdskat radost\u00ed. \u00a0\ud83d\ude42<\/p>\n<p>Na z\u00e1v\u011br si vzal op\u011bt slovo d\u011bkan a krom\u011b informace, \u017ee v sou\u010dasn\u00e9 dob\u011b FSV \u017e\u00e1dnou smlouvu s Motion Media nem\u00e1 (a nikdo tedy nem\u016f\u017ee zaru\u010dit, \u017ee dal\u0161\u00ed \u00fapravy webu FSV nebudou st\u00e1t x des\u00edtek tis\u00edc?) zmi\u0148oval, \u017ee d\u011blaj\u00ed pro transparentnost maximum a pro\u010d se nikdo neroz\u010diloval v minulosti, kdy\u017e byly evidentn\u011b p\u0159edra\u017een\u00e9 n\u011bkter\u00e9 fakultn\u00ed zak\u00e1zky (uv\u00e1d\u011bl jakousi extr\u00e9mn\u011b p\u0159edra\u017eenou z\u00e1p\u016fj\u010dku le\u0161en\u00ed) \u2013 inu je to jednoduch\u00e9 \u2013 za\u010darovan\u00fd kruh. T\u011bch hl\u00eddac\u00edch ps\u016f by se mezi studenty jist\u011b na\u0161lo dost, ale pokud nemaj\u00ed k t\u011bmto informac\u00edm p\u0159\u00edstup, tak m\u016f\u017eou jen vr\u010det v kout\u011b, nebo \u0161t\u011bkat napr\u00e1zdno&#8230;<\/p>\n","protected":false},"excerpt":{"rendered":"<p>Zabrousil jsem v\u010dera na str\u00e1nky \u201e\u010dasopisu student\u016f FSV\u201c a tam byla pom\u011brn\u011b zaj\u00edm\u00e1v\u00e1 zpr\u00e1va o tom, \u017ee podoba nov\u00e9ho webu FSV od spole\u010dnosti Motion Media unikla na ve\u0159ejnost. To m\u011b samoz\u0159ejm\u011b zaujalo. Kdy\u017e n\u011bco unik\u00e1, tak je to toti\u017e v\u017edycky zaj\u00edmav\u00fd. \u010cpavek do vzduchu, dokumenty z americk\u00e9 ambas\u00e1dy nebo Julian p\u0159ed polici\u00ed \u2013 ka\u017ed\u00fd \u00fanik [&hellip;]<\/p>\n","protected":false},"author":1,"featured_media":0,"comment_status":"open","ping_status":"open","sticky":false,"template":"","format":"standard","meta":[],"categories":[5],"tags":[113,150,218,301,314,319,373],"_links":{"self":[{"href":"http:\/\/blog.marosh.cz\/index.php\/wp-json\/wp\/v2\/posts\/887"}],"collection":[{"href":"http:\/\/blog.marosh.cz\/index.php\/wp-json\/wp\/v2\/posts"}],"about":[{"href":"http:\/\/blog.marosh.cz\/index.php\/wp-json\/wp\/v2\/types\/post"}],"author":[{"embeddable":true,"href":"http:\/\/blog.marosh.cz\/index.php\/wp-json\/wp\/v2\/users\/1"}],"replies":[{"embeddable":true,"href":"http:\/\/blog.marosh.cz\/index.php\/wp-json\/wp\/v2\/comments?post=887"}],"version-history":[{"count":0,"href":"http:\/\/blog.marosh.cz\/index.php\/wp-json\/wp\/v2\/posts\/887\/revisions"}],"wp:attachment":[{"href":"http:\/\/blog.marosh.cz\/index.php\/wp-json\/wp\/v2\/media?parent=887"}],"wp:term":[{"taxonomy":"category","embeddable":true,"href":"http:\/\/blog.marosh.cz\/index.php\/wp-json\/wp\/v2\/categories?post=887"},{"taxonomy":"post_tag","embeddable":true,"href":"http:\/\/blog.marosh.cz\/index.php\/wp-json\/wp\/v2\/tags?post=887"}],"curies":[{"name":"wp","href":"https:\/\/api.w.org\/{rel}","templated":true}]}}