{"id":714,"date":"2010-03-29T13:38:58","date_gmt":"2010-03-29T12:38:58","guid":{"rendered":"http:\/\/blog.marosh.cz\/?p=714"},"modified":"2010-03-29T13:38:58","modified_gmt":"2010-03-29T12:38:58","slug":"skotsko-a-severni-irsko","status":"publish","type":"post","link":"http:\/\/blog.marosh.cz\/index.php\/2010\/03\/29\/skotsko-a-severni-irsko\/","title":{"rendered":"Skotsko a Severn\u00ed Irsko"},"content":{"rendered":"<p>Kde za\u010d\u00edt? Asi u levn\u00fdch letenek. D\u00edky za n\u011b. Je\u0161t\u011b p\u0159ed p\u00e1r lety by asi v\u00fdlet East Midlands -&gt; Edinburgh -&gt; Belfast -&gt; East Midlands nebyl pro studenty s n\u00edzk\u00fdm rozpo\u010dtem uskute\u010dniteln\u00fd. Nicm\u00e9n\u011b dnes je v\u0161e jinak, my jsme si mohli se spolu\u017e\u00e1ky (v\u010detn\u011b legend\u00e1rn\u00edho Belgi\u010dana a jedn\u00e9 sle\u010dny z N\u011bmecka nav\u00edc) ud\u011blat trochu radosti a j\u00e1 v\u00e1m to te\u010f m\u016f\u017eu popsat. Tak\u017ee poj\u010fme na to. \ud83d\ude42<\/p>\n<p><strong>Edinburgh<\/strong><\/p>\n<figure id=\"attachment_716\" aria-describedby=\"caption-attachment-716\" style=\"width: 320px\" class=\"wp-caption alignright\"><a href=\"http:\/\/blog.marosh.cz\/wp-content\/uploads\/2010\/03\/group.jpg\"><img loading=\"lazy\" class=\"size-medium wp-image-716\" title=\"group\" src=\"http:\/\/blog.marosh.cz\/wp-content\/uploads\/2010\/03\/group-320x240.jpg\" alt=\"our group\" width=\"320\" height=\"240\" \/><\/a><figcaption id=\"caption-attachment-716\" class=\"wp-caption-text\">Unsere travel skupina (a to mi tam je\u0161t\u011b chyb\u00ed vl\u00e1m\u0161tina)<\/figcaption><\/figure>\n<p>Byl na\u0161\u00ed prvn\u00ed (a hlavn\u00ed) destinac\u00ed. A opr\u00e1vn\u011bn\u011b \u2013 je kr\u00e1sn\u00fd. Star\u00e9 m\u011bsto s domy ze \u0161estn\u00e1ct\u00e9ho stolet\u00ed, star\u00e9 hospody, hrad&#8230; v\u0161echny jsem tam provokal, \u017ee kdyby to bylo jen o trochu hez\u010d\u00ed, bylo by to skoro tak kr\u00e1sn\u00fd jako Praha. Jeliko\u017e jsme v\u00fdlet pojali opravdu hodn\u011b n\u00edzkon\u00e1kladov\u011b (ano, \u00fa\u010dastnil jsem se pl\u00e1nov\u00e1n\u00ed), tak jsme prvn\u00ed noc vyu\u017eili hostel na pob\u0159e\u017e\u00ed (\u00a36\/noc se sn\u00eddan\u00ed) a n\u00e1sleduj\u00edc\u00ed r\u00e1no si ud\u011blali v\u00fdlet na <a href=\"http:\/\/en.wikipedia.org\/wiki\/Cramond_Island\" target=\"_blank\" rel=\"noopener\">Cramond Island<\/a> \u2013 po\u010das\u00ed n\u00e1m p\u0159\u00e1lo, ale sl\u00edben\u00e9 delf\u00edny, velryby ani tulen\u011b jsme nevid\u011bli.<br \/>\nNa zbytek v\u00fdletu jsme se p\u0159esunuli do centra, prohl\u00e9dli si hrad, vylezli na <a href=\"http:\/\/en.wikipedia.org\/wiki\/Arthur's_Seat,_Edinburgh\" target=\"_blank\" rel=\"noopener\">Arthur&#8217;s Seat<\/a>, absolvovali prohl\u00eddku s pr\u016fvodcem (zadarmo), \u0161li do muzea skotsk\u00e9 whisky, atd\u2026<br \/>\n<br \/>\n<figure id=\"attachment_718\" aria-describedby=\"caption-attachment-718\" style=\"width: 320px\" class=\"wp-caption aligncenter\"><a href=\"http:\/\/blog.marosh.cz\/wp-content\/uploads\/2010\/03\/castle.jpg\"><img loading=\"lazy\" class=\"size-medium wp-image-718\" title=\"castle\" src=\"http:\/\/blog.marosh.cz\/wp-content\/uploads\/2010\/03\/castle-320x240.jpg\" alt=\"Edinburgh castle\" width=\"320\" height=\"240\" \/><\/a><figcaption id=\"caption-attachment-718\" class=\"wp-caption-text\">Edinburgh castle<\/figcaption><\/figure><br \/>\n<br \/>\n<figure id=\"attachment_719\" aria-describedby=\"caption-attachment-719\" style=\"width: 320px\" class=\"wp-caption aligncenter\"><a href=\"http:\/\/blog.marosh.cz\/wp-content\/uploads\/2010\/03\/reinoutwhisky.jpg\"><img loading=\"lazy\" class=\"size-medium wp-image-719\" title=\"reinoutwhisky\" src=\"http:\/\/blog.marosh.cz\/wp-content\/uploads\/2010\/03\/reinoutwhisky-320x240.jpg\" alt=\"Belgi\u010dan ve sv\u00e9m \u017eivlu\" width=\"320\" height=\"240\" \/><\/a><figcaption id=\"caption-attachment-719\" class=\"wp-caption-text\">Belgi\u010dan ve sv\u00e9m \u017eivlu (&#39;Tohle chci m\u00edt doma!&#39;)<\/figcaption><\/figure><br \/>\n<br \/>\n<figure id=\"attachment_720\" aria-describedby=\"caption-attachment-720\" style=\"width: 320px\" class=\"wp-caption aligncenter\"><a href=\"http:\/\/blog.marosh.cz\/wp-content\/uploads\/2010\/03\/tuzemak.jpg\"><img loading=\"lazy\" class=\"size-medium wp-image-720\" title=\"tuzemak\" src=\"http:\/\/blog.marosh.cz\/wp-content\/uploads\/2010\/03\/tuzemak-320x426.jpg\" alt=\"lahev skotkse\" width=\"320\" height=\"426\" \/><\/a><figcaption id=\"caption-attachment-720\" class=\"wp-caption-text\">Barvu to m\u00e1 jako tuzem\u00e1k, cenou je to trochu jinde...<\/figcaption><\/figure><br \/>\n<br \/>\n<figure id=\"attachment_721\" aria-describedby=\"caption-attachment-721\" style=\"width: 320px\" class=\"wp-caption aligncenter\"><a href=\"http:\/\/blog.marosh.cz\/wp-content\/uploads\/2010\/03\/rowling.jpg\"><img loading=\"lazy\" class=\"size-medium wp-image-721  \" title=\"rowling\" src=\"http:\/\/blog.marosh.cz\/wp-content\/uploads\/2010\/03\/rowling-320x240.jpg\" alt=\"kavarna rowling\" width=\"320\" height=\"240\" \/><\/a><figcaption id=\"caption-attachment-721\" class=\"wp-caption-text\">V t\u011bch oknech naho\u0159e pr\u00fd sed\u00e1vala jak\u00e1si J.K. Rowlingov\u00e1... mn\u011b to nic ne\u0159ik\u00e1, ale t\u0159eba n\u011bkdo bude v\u011bd\u011bt.<\/figcaption><\/figure><br \/>\n<br \/>\n<figure id=\"attachment_722\" aria-describedby=\"caption-attachment-722\" style=\"width: 320px\" class=\"wp-caption aligncenter\"><a href=\"http:\/\/blog.marosh.cz\/wp-content\/uploads\/2010\/03\/reinoutdum.jpg\"><img loading=\"lazy\" class=\"size-medium wp-image-722\" title=\"reinoutdum\" src=\"http:\/\/blog.marosh.cz\/wp-content\/uploads\/2010\/03\/reinoutdum-320x240.jpg\" alt=\"Reinout dum\" width=\"320\" height=\"240\" \/><\/a><figcaption id=\"caption-attachment-722\" class=\"wp-caption-text\">Reinout a jeho nov\u00fd domek... pon\u011bkud nepraktick\u00fd, ale ohromn\u011b stylov\u00fd. (Calton Hill)<\/figcaption><\/figure><br \/>\n<br \/>\n<figure id=\"attachment_723\" aria-describedby=\"caption-attachment-723\" style=\"width: 320px\" class=\"wp-caption aligncenter\"><a href=\"http:\/\/blog.marosh.cz\/wp-content\/uploads\/2010\/03\/aseat.jpg\"><img loading=\"lazy\" class=\"size-medium wp-image-723\" title=\"aseat\" src=\"http:\/\/blog.marosh.cz\/wp-content\/uploads\/2010\/03\/aseat-320x240.jpg\" alt=\"Arthur's seat\" width=\"320\" height=\"240\" \/><\/a><figcaption id=\"caption-attachment-723\" class=\"wp-caption-text\">Arthur&#39;s seat, kopec nad Edinburkem...<\/figcaption><\/figure><br \/>\n<br \/>\n<figure id=\"attachment_724\" aria-describedby=\"caption-attachment-724\" style=\"width: 320px\" class=\"wp-caption aligncenter\"><a href=\"http:\/\/blog.marosh.cz\/wp-content\/uploads\/2010\/03\/lezeni.jpg\"><img loading=\"lazy\" class=\"size-medium wp-image-724\" title=\"lezeni\" src=\"http:\/\/blog.marosh.cz\/wp-content\/uploads\/2010\/03\/lezeni-320x426.jpg\" alt=\"Arthur's seat sestup\" width=\"320\" height=\"426\" \/><\/a><figcaption id=\"caption-attachment-724\" class=\"wp-caption-text\">Dol\u016f jsme to vzali zkratkou... \ud83d\ude42<\/figcaption><\/figure><br \/>\n<br \/>\n<figure id=\"attachment_725\" aria-describedby=\"caption-attachment-725\" style=\"width: 320px\" class=\"wp-caption aligncenter\"><a href=\"http:\/\/blog.marosh.cz\/wp-content\/uploads\/2010\/03\/skot.jpg\"><img loading=\"lazy\" class=\"size-medium wp-image-725\" title=\"skot\" src=\"http:\/\/blog.marosh.cz\/wp-content\/uploads\/2010\/03\/skot-320x426.jpg\" alt=\"skotsky dudak\" width=\"320\" height=\"426\" \/><\/a><figcaption id=\"caption-attachment-725\" class=\"wp-caption-text\">Kdyby n\u011bkdo po\u0159\u00e1d nev\u011b\u0159il, \u017ee jsme byli ve Skotsku...<\/figcaption><\/figure><br \/>\n<br \/>\n<figure id=\"attachment_733\" aria-describedby=\"caption-attachment-733\" style=\"width: 320px\" class=\"wp-caption aligncenter\"><a href=\"http:\/\/blog.marosh.cz\/wp-content\/uploads\/2010\/03\/edinpara.jpg\"><img loading=\"lazy\" class=\"size-medium wp-image-733\" title=\"edinpara\" src=\"http:\/\/blog.marosh.cz\/wp-content\/uploads\/2010\/03\/edinpara-320x34.jpg\" alt=\"panorama\" width=\"320\" height=\"34\" \/><\/a><figcaption id=\"caption-attachment-733\" class=\"wp-caption-text\">A nakonec co? P\u0159ece panor\u00e1matum!<\/figcaption><\/figure><br \/>\n<br \/>\nVeselou te\u010dkou byl odjezd na leti\u0161t\u011b, kdy jsme si nechali ujet jeden autobus a ten druh\u00fd uv\u00edzl v z\u00e1cp\u011b. V p\u011bt hodin jsem se d\u00edval na vytisklou palubn\u00ed vstupenku s n\u00e1pisem \u201eGate closes: 17:25\u201c s m\u00edrnou nervozitou. O deset minut a p\u016fl kilometru pozd\u011bji jsem se \u0161el zeptat \u0159idi\u010de, jestli je n\u011bjak\u00e1 nad\u011bje a odpov\u011bd\u00ed mi bylo zavrt\u011bn\u00ed hlavy. Kdy\u017e jsme se probojovali na dal\u0161\u00ed zast\u00e1vku a spat\u0159ili n\u011bkolik taxi, rozhodli jsme se to zkusit \u2013 \u00faprk do tax\u00edku a rozkaz zn\u011bl jasn\u011b: \u201eDepartures! But make it fast mate!\u201d Klasick\u00fd \u201eblack cab\u201c nen\u00ed tak pomal\u00fd jak by se mohlo zd\u00e1t, tud\u00ed\u017e jsme v 17:25 mohli vysednout a d\u00e1t se do sprintu p\u0159es leti\u0161t\u011b ve stylu lacin\u00fdch ak\u010dn\u00edch film\u016f. Chyb\u011bly jen um\u011bl\u00e9 n\u00e1lo\u017ee, kter\u00e9 by za n\u00e1mi efektn\u011b vybuchovaly&#8230; Kdo zn\u00e1 britsk\u00e1 leti\u0161t\u011b tak v\u00ed, \u017ee fronta u bezpe\u010dnostn\u00ed kontroly m\u016f\u017ee b\u00fdt dlouh\u00e1. V Edinburghu byly fronty dokonce dv\u011b, nicm\u00e9n\u011b jsme to vzali prost\u0159edkem a jedin\u00e9ho \u010dlena leti\u0161tn\u00ed ochranky James odstr\u010dil se slovy, \u017ee na jeho hlouposti nem\u00e1 \u010das. Probl\u00e9m nastal u samotn\u00fdch detektor\u016f, proto\u017ee odstr\u010dit jejich person\u00e1l a prob\u011bhnout skrze n\u011b&#8230; zase takov\u00ed ak\u010dn\u00ed hrdinov\u00e9 nejsme. Koutkem oka jsem na monitoru zahl\u00e9dl, \u017ee je cca 17:27 a Belfast st\u00e1le \u201eNow boarding\u201c, co\u017e mi p\u0159idalo trochu klidu. Bohu\u017eel person\u00e1l to vid\u011bl taky, tak\u017ee n\u00e1s necht\u011bl pustit p\u0159ednostn\u011b a tak se stalo, \u017ee ne\u017e n\u00e1s prot\u00e1hli detektorem bylo asi 17:40 a na monitoru sv\u00edtilo \u201eBelfast &#8211; gate closed\u201c &#8230; nicm\u00e9n\u011b jsme p\u0159esto tryskem vyrazili a po dob\u011bhnut\u00ed jak\u00fdmsi z\u00e1zrakem p\u0159esv\u011bd\u010dili pan\u00ed u br\u00e1ny, aby n\u00e1m ji znovu otev\u0159ela. Z\u00e1rove\u0148 vys\u00edla\u010dkou stopla zav\u0159en\u00ed letadla a odsunut\u00ed poj\u00edzn\u00fdch sch\u016fdk\u016f a my jsme s \u00fasm\u011bvem mohli usednout do letadla pln\u00e9ho lid\u00ed, co byli evidentn\u011b na\u0161tvan\u00ed kv\u016fli na\u0161emu zdr\u017eov\u00e1n\u00ed. \ud83d\ude42 A vydali jsme se sm\u011br Severn\u00ed Irsko.<\/p>\n<p><strong>Severn\u00ed Irsko<\/strong><\/p>\n<figure id=\"attachment_730\" aria-describedby=\"caption-attachment-730\" style=\"width: 320px\" class=\"wp-caption alignright\"><a href=\"http:\/\/blog.marosh.cz\/wp-content\/uploads\/2010\/03\/tangi.jpg\"><img loading=\"lazy\" class=\"size-medium wp-image-730\" title=\"tangi\" src=\"http:\/\/blog.marosh.cz\/wp-content\/uploads\/2010\/03\/tangi-320x240.jpg\" alt=\"land rover tangi\" width=\"320\" height=\"240\" \/><\/a><figcaption id=\"caption-attachment-730\" class=\"wp-caption-text\">Tohle je Tangi - obrn\u011bn\u00fd LR Defender. V ned\u00e1vn\u00e9 dob\u011b nej\u010dast\u011bj\u0161\u00ed auto RUC (PSNI)... dnes jsou st\u00e1le vid\u011bt, ale jezd\u00ed u\u017e i oby\u010dejn\u00e1 auta.<\/figcaption><\/figure>\n<p>A tady to teprve za\u010dalo. Edinburgh je kr\u00e1sn\u00fd, ale pln\u00fd turist\u016f, d\u00e1rkov\u00fdch k\u00fd\u010dov\u00fdch obchod\u016f a celkov\u011b zapad\u00e1 do kategorie \u201eBeen there, done that, got the t-shirt!\u201c Ne tak Belfast. Belfast \u017eije a d\u00fdch\u00e1 atmosf\u00e9rou udalost\u00ed teprve ned\u00e1vno minul\u00fdch&#8230;<br \/>\nPrvn\u00ed \u010deho jsem si v\u0161imnul byli ozbrojen\u00ed policist\u00e9 v nepr\u016fst\u0159eln\u00fdch vest\u00e1ch. Spolubydl\u00edc\u00ed James, kter\u00fd mi na podzim vysv\u011btloval, \u017ee v UK potk\u00e1m maxim\u00e1ln\u011b \u201eBobbyho\u201c s obu\u0161kem se mi nejd\u0159\u00edv pokou\u0161el tvrdit, \u017ee \u201eto je asi jen tady, na leti\u0161ti&#8230;\u201c, nicm\u00e9n\u011b sotva jsme vylezli v centru Belfastu z autobusu a projelo kolem n\u00e1s prvn\u00ed <a href=\"http:\/\/en.wikipedia.org\/wiki\/Land_Rover_Tangi\" target=\"_blank\" rel=\"noopener\">Tangi<\/a>, tak u\u017e jen ml\u010del a koukal. A my s n\u00edm&#8230; proto\u017ee a\u010dkoliv si \u010dlov\u011bk \u017e\u00e1dn\u00e9 p\u0159\u00edm\u00e9 nebezpe\u010d\u00ed neuv\u011bdomuje, tak ten probl\u00e9m v Belfastu st\u00e1le trochu c\u00edtit je.<br \/>\nJe to trochu v kontrastu s t\u00edm, jak jsou Irov\u00e9 mil\u00ed a otev\u0159en\u00ed \u2013 hned prvn\u00ed den, kdy\u017e jsme se motali v centru se k n\u00e1m p\u0159ihnal p\u0159\u00e1telsky vypadaj\u00edc\u00ed kluk se zrzav\u00fdm polovousem a \u017ee jestli n\u011bco hled\u00e1me a jestli n\u00e1m mu\u017ee n\u011bco doporu\u010dit a vlastn\u011b pro\u010d s nim nezajdeme na ob\u011bd&#8230; vyklubal se z n\u011bj <a href=\"http:\/\/www.jobyfox.com\/\" target=\"_blank\" rel=\"noopener\">muzikant<\/a>, doporu\u010dil co v Belfastu vid\u011bt, s Jamesem si popov\u00eddal o cestov\u00e1n\u00ed v Asii, pohoda. Odpoledne jsme si na\u0161li pr\u016fvodce po severn\u00edm Belfastu, kter\u00fd se sice p\u0159iznal \u017ee je katol\u00edk, ale byl pom\u011brn\u011b opatrn\u00fd a do \u017e\u00e1dn\u00fdch velk\u00fdch politick\u00fdch promluv se nepou\u0161t\u011bl. Ud\u011blal jsem si z toho dojem, \u017ee se o konfliktu asi zase tak otev\u0159en\u011b s cizinci nemluv\u00ed&#8230;<br \/>\nCo\u017e mi vyvr\u00e1til n\u00e1\u0161 pr\u016fvodce po z\u00e1padn\u00edm Belfastu hned druh\u00fd den. Byl j\u00edm Liam, Ir v bund\u011b Celticu Glasgow (to m\u00e1 sv\u016fj v\u00fdznam) a se stra\u0161n\u00fdm akcentem, kter\u00fd prohl\u00eddku zah\u00e1jil t\u00edm, \u017ee sed\u011bl sedm let (nikdo jsme se nezeptal konkr\u00e9tn\u011b za co, ale kv\u016fli \u010demu je asi jasn\u00e9) a je samoz\u0159ejm\u011b katol\u00edk a republik\u00e1n. Proch\u00e1zet se s n\u00edm z\u00e1padn\u00edm Belfastem bylo zaj\u00edmav\u00e9 hned z n\u011bkolika d\u016fvod\u016f \u2013 jednak si \u010dlov\u011bk vyslechl historii konfliktu od \u010dlov\u011bka, kter\u00fd se ho p\u0159\u00edmo \u00fa\u010dastnil, prot\u00e1hl n\u00e1s do postupn\u011b se rod\u00edc\u00edho se IRA muzea a hlavn\u011b jsem si v\u0161iml jedn\u00e9 v\u011bci. P\u0159ibli\u017en\u011b s ka\u017ed\u00fdm p\u00e1t\u00fdm \u010dlov\u011bkem na ulici se pozdravil, podal ruku, popl\u00e1cal po ramenou, prohodil p\u00e1r slov (Anglicky nebo Irsky) zam\u00e1val na auto (na taxi)\u2026 samoz\u0159ejm\u011b i j\u00e1 potk\u00e1m sem tam ve m\u011bst\u011b n\u011bkoho zn\u00e1m\u00e9ho, ale tohle byl extr\u00e9m. Republik\u00e1nsk\u00e1 (katolick\u00e1) Komunita je opravdu s velk\u00fdm K.<br \/>\nPravd\u011bpodobn\u011b nejsiln\u011bj\u0161\u00ed z\u00e1\u017eitek p\u0159i\u0161el ale po skon\u010den\u00ed na\u0161\u00ed proch\u00e1zky&#8230; Liam n\u00e1s zavedl do irsk\u00e9ho komunitn\u00edho centra, kde maj\u00ed republik\u00e1ni restauraci, vlastn\u00ed radio, atd&#8230; Byl \u010das ob\u011bda, celkem nacp\u00e1no, tak\u017ee jsme tam post\u00e1vali, a\u017e na m\u011b zavolal takov\u00fd sympatick\u00fd chl\u00e1pek s \u0161edivou k\u0161tic\u00ed a chytr\u00fdma o\u010dima, \u017ee jestli si nem\u00e1me kam sednout a p\u0159i\u0161li jsme s Liamem, tak u n\u011bj pro n\u00e1s m\u00edsto je. R\u00e1di jsme nab\u00eddky vyu\u017eili, objednali j\u00eddlo, pustili se s n\u00edm do hovoru. Op\u011bt p\u0159\u00e1telskost a otev\u0159enost, hned se p\u0159edstavil (Brendan), jedin\u00fd st\u00edn mu p\u0159el\u00e9tl p\u0159es obli\u010dej, kdy\u017e seznal, \u017ee James je Angli\u010dan&#8230; vypt\u00e1val se na to jak\u00fd je Liam pr\u016fvodce a kdy\u017e jsem odpov\u011bd\u011bl n\u011bco ve stylu \u017ee dobr\u00fd, proto\u017ee je vid\u011bt, \u017ee si to fakt pro\u017eil, v\u010detn\u011b v\u011bzen\u00ed, tak se usm\u00e1l, \u017ee on si \u201ethe troubles\u201c taky pro\u017eil a z v\u011bzen\u00ed jim v roce 1983 utekl. Chv\u00edli jsme si je\u0161t\u011b pov\u00eddali (zmi\u0148oval se \u017ee co se t\u00fd\u010de republik\u00e1nstv\u00ed je \u201epretty much hardcore\u201c), je\u0161t\u011b  n\u00e1s p\u0159edstavil \u010dlov\u011bku o kter\u00e9m tvrdil \u017ee je \u201e<a href=\"http:\/\/en.wikipedia.org\/wiki\/Gerry_Kelly\" target=\"_blank\" rel=\"noopener\">our junior minister<\/a>\u201c , pak dojedl, rozlou\u010dil se a ode\u0161el.<br \/>\nDoma mi to nedalo, \u0159\u00edkal jsem si \u017ee \u00fat\u011bk z v\u011bzen\u00ed mus\u00ed n\u011bkde b\u00fdt zaznamenan\u00fd a ur\u010dit\u011b p\u016fjde dohledat. Po p\u00e1r minut\u00e1ch na m\u011b vypadlo tohle: <a href=\"http:\/\/en.wikipedia.org\/wiki\/Brendan_McFarlane\" target=\"_blank\" rel=\"noopener\">http:\/\/en.wikipedia.org\/wiki\/Brendan_McFarlane<\/a> Z obsahu vyb\u00edr\u00e1m: <em>\u201e&#8230;McFarlane had machine-gunned three female pedestrians who were passing by the Bayardo as it was blown up &#8230; McFarlane went on to lead the Maze Prison escape, the mass escape of 38 republican prisoners from the Maze in 1983 &#8230; he is alleged to have kidnapped supermarket executive Don Tidey in a bid to ransom him to raise money for the IRA &#8230;\u201c<\/em><br \/>\nPoob\u011bdvat s jedn\u00edm z nejob\u00e1van\u011bj\u0161\u00edch irsk\u00fdch terorist\u016f\/bojovn\u00edk\u016f za svobodu (z\u00e1le\u017e\u00ed z kter\u00e9 strany se d\u00edv\u00e1te) a velitel\u016f Irsk\u00e9 republik\u00e1nsk\u00e9 arm\u00e1dy&#8230; komu se to poda\u0159\u00ed? A fakt byste to do n\u011bj ne\u0159ekli.<br \/>\n<br \/>\n<figure id=\"attachment_726\" aria-describedby=\"caption-attachment-726\" style=\"width: 320px\" class=\"wp-caption aligncenter\"><a href=\"http:\/\/blog.marosh.cz\/wp-content\/uploads\/2010\/03\/belfasthall.jpg\"><img loading=\"lazy\" class=\"size-medium wp-image-726\" title=\"belfasthall\" src=\"http:\/\/blog.marosh.cz\/wp-content\/uploads\/2010\/03\/belfasthall-320x240.jpg\" alt=\"Belfast city hall\" width=\"320\" height=\"240\" \/><\/a><figcaption id=\"caption-attachment-726\" class=\"wp-caption-text\">Belfast - City hall<\/figcaption><\/figure><br \/>\n<br \/>\n<figure id=\"attachment_727\" aria-describedby=\"caption-attachment-727\" style=\"width: 320px\" class=\"wp-caption aligncenter\"><a href=\"http:\/\/blog.marosh.cz\/wp-content\/uploads\/2010\/03\/udamural.jpg\"><img loading=\"lazy\" class=\"size-medium wp-image-727\" title=\"udamural\" src=\"http:\/\/blog.marosh.cz\/wp-content\/uploads\/2010\/03\/udamural-320x240.jpg\" alt=\"uda mural\" width=\"320\" height=\"240\" \/><\/a><figcaption id=\"caption-attachment-727\" class=\"wp-caption-text\">Podobn\u00fdch graffiti je Belfast pln\u00fd, ozna\u010duj\u00ed je jako &#39;murals&#39; ...<\/figcaption><\/figure><br \/>\n<br \/>\n<figure id=\"attachment_728\" aria-describedby=\"caption-attachment-728\" style=\"width: 320px\" class=\"wp-caption aligncenter\"><a href=\"http:\/\/blog.marosh.cz\/wp-content\/uploads\/2010\/03\/uffmural.jpg\"><img loading=\"lazy\" class=\"size-medium wp-image-728\" title=\"uffmural\" src=\"http:\/\/blog.marosh.cz\/wp-content\/uploads\/2010\/03\/uffmural-320x240.jpg\" alt=\"uff mural\" width=\"320\" height=\"240\" \/><\/a><figcaption id=\"caption-attachment-728\" class=\"wp-caption-text\">... paradoxn\u011b ty nejv\u00edc agresivn\u00ed pat\u0159\u00ed protestanstk\u00fdm (loajalistick\u00fdm) skupin\u00e1m (UDA, UFF), zat\u00edmco IRA je m\u00e1 pon\u011bkud ve sm\u00ed\u0159liv\u011bj\u0161\u00edm duchu.<\/figcaption><\/figure><br \/>\n<br \/>\n<figure id=\"attachment_729\" aria-describedby=\"caption-attachment-729\" style=\"width: 320px\" class=\"wp-caption aligncenter\"><a href=\"http:\/\/blog.marosh.cz\/wp-content\/uploads\/2010\/03\/bobbymural.jpg\"><img loading=\"lazy\" class=\"size-medium wp-image-729\" title=\"bobbymural\" src=\"http:\/\/blog.marosh.cz\/wp-content\/uploads\/2010\/03\/bobbymural-320x240.jpg\" alt=\"bobby sands mural\" width=\"320\" height=\"240\" \/><\/a><figcaption id=\"caption-attachment-729\" class=\"wp-caption-text\">T\u0159eba jako tenhle - vzpom\u00ednkov\u00fd na Bobbyho Sandse, kter\u00fd v 80. letech dr\u017eel hladovku a\u017e do konce... kupodivu se pr\u00fd moc \u010dasto nest\u00e1v\u00e1, \u017ee by si znep\u0159\u00e1telen\u00e9 strany po\u0161kozovali sv\u00e9 malby. Tak\u017ee st\u0159\u00edlet po sob\u011b ano, \u010dm\u00e1rat po ciz\u00edch obr\u00e1zc\u00edch ne.<\/figcaption><\/figure><br \/>\n<br \/>\n<strong>Z\u00e1v\u011brem&#8230;<\/strong><\/p>\n<p>V\u00fdlet st\u00e1l za to, doposud jsem p\u0159i ka\u017ed\u00e9 n\u00e1v\u0161t\u011bv\u011b Spojen\u00e9ho kr\u00e1lovstv\u00ed pob\u00fdval pouze v Anglii a n\u011bjak mi uch\u00e1zelo, jak moc m\u016f\u017ee b\u00fdt Skotsko nebo Severn\u00ed Irsko odli\u0161n\u00e9. V\u011bd\u011bli jste nap\u0159\u00edklad, \u017ee krom\u011b librov\u00fdch bankovek vydan\u00fdch v Anglii (Bank of England) je rovn\u011b\u017e mo\u017en\u00e9 potkat libry skotsk\u00e9 a irsk\u00e9 a aby to nebylo tak jednoduch\u00e9, tak jsou bankovky tisknut\u00e9 jednotliv\u00fdmi bankami? \u017de maj\u00ed Skotov\u00e9 vlastn\u00ed parlament? \u017de a\u010dkoliv se Severn\u00ed Irsko ozna\u010duje jako Ulster, tak t\u0159i z okres\u016f pat\u0159\u00edc\u00ed pod provincii Ulster jsou v Irsk\u00e9 republice? Co v\u0161echno se \u010dlov\u011bk nedozv\u00ed, kdy\u017e vyt\u00e1hne paty z domova&#8230;<br \/>\n<br \/>\nP.S. Koho bav\u00ed si \u010d\u00edst o studentech ve sv\u011bt\u011b, tak jsem se p\u0159i brouzd\u00e1n\u00ed doklikal na spolu\u017ea\u010dku z FSV, co bloguje z Jyv\u00e4skyl\u00e4 &#8211; co\u017e byla moje druh\u00e1 mo\u017enost pro Erasmus. Nevypad\u00e1 to tam zle a nav\u00edc &#8230; <a href=\"http:\/\/ladinyzapisky.blogspot.com\/\" target=\"_blank\" rel=\"noopener\">blog on\u00e9 sle\u010dny<\/a> je skoro tak dobr\u00fd jako ten m\u016fj.<\/p>\n","protected":false},"excerpt":{"rendered":"<p>Kde za\u010d\u00edt? Asi u levn\u00fdch letenek. D\u00edky za n\u011b. Je\u0161t\u011b p\u0159ed p\u00e1r lety by asi v\u00fdlet East Midlands -&gt; Edinburgh -&gt; Belfast -&gt; East Midlands nebyl pro studenty s n\u00edzk\u00fdm rozpo\u010dtem uskute\u010dniteln\u00fd. Nicm\u00e9n\u011b dnes je v\u0161e jinak, my jsme si mohli se spolu\u017e\u00e1ky (v\u010detn\u011b legend\u00e1rn\u00edho Belgi\u010dana a jedn\u00e9 sle\u010dny z N\u011bmecka nav\u00edc) ud\u011blat trochu radosti [&hellip;]<\/p>\n","protected":false},"author":2,"featured_media":0,"comment_status":"open","ping_status":"open","sticky":false,"template":"","format":"standard","meta":[],"categories":[8,3],"tags":[28,40,89,143,302,308,350],"_links":{"self":[{"href":"http:\/\/blog.marosh.cz\/index.php\/wp-json\/wp\/v2\/posts\/714"}],"collection":[{"href":"http:\/\/blog.marosh.cz\/index.php\/wp-json\/wp\/v2\/posts"}],"about":[{"href":"http:\/\/blog.marosh.cz\/index.php\/wp-json\/wp\/v2\/types\/post"}],"author":[{"embeddable":true,"href":"http:\/\/blog.marosh.cz\/index.php\/wp-json\/wp\/v2\/users\/2"}],"replies":[{"embeddable":true,"href":"http:\/\/blog.marosh.cz\/index.php\/wp-json\/wp\/v2\/comments?post=714"}],"version-history":[{"count":0,"href":"http:\/\/blog.marosh.cz\/index.php\/wp-json\/wp\/v2\/posts\/714\/revisions"}],"wp:attachment":[{"href":"http:\/\/blog.marosh.cz\/index.php\/wp-json\/wp\/v2\/media?parent=714"}],"wp:term":[{"taxonomy":"category","embeddable":true,"href":"http:\/\/blog.marosh.cz\/index.php\/wp-json\/wp\/v2\/categories?post=714"},{"taxonomy":"post_tag","embeddable":true,"href":"http:\/\/blog.marosh.cz\/index.php\/wp-json\/wp\/v2\/tags?post=714"}],"curies":[{"name":"wp","href":"https:\/\/api.w.org\/{rel}","templated":true}]}}