{"id":337,"date":"2009-04-15T21:42:41","date_gmt":"2009-04-15T20:42:41","guid":{"rendered":"http:\/\/blog.marosh.cz\/?p=337"},"modified":"2009-04-15T21:42:41","modified_gmt":"2009-04-15T20:42:41","slug":"afghanistan-irak-velka-britanie","status":"publish","type":"post","link":"http:\/\/blog.marosh.cz\/index.php\/2009\/04\/15\/afghanistan-irak-velka-britanie\/","title":{"rendered":"Afgh\u00e1nist\u00e1n, Ir\u00e1k, Velk\u00e1 Brit\u00e1nie&#8230;"},"content":{"rendered":"<p><a href=\"http:\/\/blog.marosh.cz\/wp-content\/uploads\/2009\/04\/unionjack.jpg\"><img loading=\"lazy\" class=\"alignright size-medium wp-image-338\" title=\"Union Jack\" src=\"http:\/\/blog.marosh.cz\/wp-content\/uploads\/2009\/04\/unionjack-320x233.jpg\" alt=\"\" width=\"320\" height=\"233\" \/><\/a>Mod\u0159\u00ed u\u017e v\u011bd\u00ed \u2013 dnes bude \u0159e\u010d o zahrani\u010dn\u00edch mis\u00edch (t\u00e9ma jsme ostatn\u011b nakousli v koment\u00e1\u0159\u00edch u jednoho z p\u0159ede\u0161l\u00fdch p\u0159\u00edsp\u011bvk\u016f).<\/p>\n<p>Jeliko\u017e jsem asi posledn\u00ed \u010dlov\u011bk na planet\u011b, kter\u00fd neabsolvoval program Erasmus, rozhodl jsem se to letos napravit a podal hned t\u0159i p\u0159ihl\u00e1\u0161ky. Uch\u00e1zel jsem se o studium ve finsk\u00e9m m\u011bste\u010dku Jyv\u00e4skyl\u00e4, na jedn\u00e9 z top10 anglick\u00fdch univerzit \u2013 Loughborough a francouzsk\u00e9 \u0161kole pro prezidenty &#8211; Institut d&#8217;\u00e9tudes politiques de Paris (aka Sciences Po). M\u011bl jsem v hlav\u011b p\u0159ipraven\u00fd kr\u00e1sn\u00fd \u010dl\u00e1nek, \u017ee jdu studovat na Sciences Po a za\u0159ad\u00edm se tak mezi kluky jako Jacques Chirac nebo Fran\u00e7ois Mitterrand, jenom\u017ee u\u017e po p\u0159ij\u00edmac\u00edm pohovoru, kter\u00fd kon\u010dil m\u00fdm: \u201eJe ne sais plus, je suis d\u00e9sol\u00e9&#8230;\u201c mi bylo jasn\u00e9, \u017ee rovn\u011b\u017e p\u0159\u00edtomn\u00ed absolventi \u010desko-francouzsk\u00fdch bilingvn\u00edch gymn\u00e1zi\u00ed tentokr\u00e1t z\u0159ejm\u011b do\u010d\u016fraj\u00ed o notn\u00fd kus d\u00e1l ne\u017e j\u00e1.<br \/>\nTak\u017ee byla ve h\u0159e Anglie a Finsko. V\u00fdb\u011brov\u00e9 \u0159\u00edzen\u00ed na ob\u011b jsem vyhr\u00e1l, tak\u017ee zase zb\u00fdvalo \u201eakor\u00e1t\u201c se rozhodnout. A op\u011bt t\u011b\u017ek\u00e1 volba. Finsko\/Anglie = \u0160\u00edpkovou\/Se zel\u00edm. \ud83d\ude42 Pro Finsko hr\u00e1ly lep\u0161\u00ed p\u0159edm\u011bty, n\u00e1dhern\u00e1 p\u0159\u00edroda a taky to, \u017ee jsem tam zat\u00edm nikdy nebyl. Pro Anglii samoz\u0159ejm\u011b tradice, kvalita \u0161koly, jazyk, etc\u2026 Otravoval jsem s t\u00edm kde koho, ka\u017ed\u00fd radil, ale nikdo vlastn\u011b nepomohl, akor\u00e1t Sen\u00e1tor ne\u00fanavn\u011b, \u017ee Anglie, Anglie, Anglie. Tak jsem to tam poslal. Jestli budu Ondrovi pos\u00edlat z UK hatemail nebo basy Guiness\u016f se zkr\u00e1tka uk\u00e1\u017ee a\u017e \u010dasem. Je\u0161t\u011b m\u011b ale mus\u00ed partnersk\u00e1 univerzita akceptovat, co\u017e bude mo\u017en\u00e1 taky o\u0159\u00ed\u0161ek, proto\u017ee u\u017e jsem je za\u010dal z\u00e1sobovat drz\u00fdmi dotazy typu zda-li je mo\u017en\u00e9 ud\u011blat si u nich rovnou M.A. titul, kdy\u017e u\u017e se tam budu ten rok fl\u00e1kat, apod.<\/p>\n<p>Rovn\u011b\u017e jsem si vypracoval n\u00e1sleduj\u00edc\u00ed pl\u00e1n koresponduj\u00edc\u00ed zhruba s pr\u016fb\u011bhem akademick\u00e9ho roku:<\/p>\n<p>Podzim, p\u0159\u00edjezd do UK \u2013 kupujeme Defendra<br \/>\nV\u00e1noce, pr\u00e1zdniny \u2013 vezeme Def\u00edka dom\u016f (European roadshow)<br \/>\nJaro n\u00e1vrat do UK \u2013 kupjeme Jaguar XJS (5.3 V12, nic men\u0161\u00edho nem\u00e1 cenu)<br \/>\nKonec roku \u2013 vezeme XJS dom\u016f (European roadshow vol. 2)<\/p>\n<p>M\u00e1ma o tom je\u0161t\u011b nev\u00ed. \ud83d\ude42<\/p>\n<p>A taky se bohu\u017eel je\u0161t\u011b nev\u00ed, kdo to zaplat\u00ed.<\/p>\n","protected":false},"excerpt":{"rendered":"<p>Mod\u0159\u00ed u\u017e v\u011bd\u00ed \u2013 dnes bude \u0159e\u010d o zahrani\u010dn\u00edch mis\u00edch (t\u00e9ma jsme ostatn\u011b nakousli v koment\u00e1\u0159\u00edch u jednoho z p\u0159ede\u0161l\u00fdch p\u0159\u00edsp\u011bvk\u016f). Jeliko\u017e jsem asi posledn\u00ed \u010dlov\u011bk na planet\u011b, kter\u00fd neabsolvoval program Erasmus, rozhodl jsem se to letos napravit a podal hned t\u0159i p\u0159ihl\u00e1\u0161ky. Uch\u00e1zel jsem se o studium ve finsk\u00e9m m\u011bste\u010dku Jyv\u00e4skyl\u00e4, na jedn\u00e9 z [&hellip;]<\/p>\n","protected":false},"author":1,"featured_media":0,"comment_status":"open","ping_status":"open","sticky":false,"template":"","format":"standard","meta":[],"categories":[6],"tags":[28,95,105,152,191,249,297,349],"_links":{"self":[{"href":"http:\/\/blog.marosh.cz\/index.php\/wp-json\/wp\/v2\/posts\/337"}],"collection":[{"href":"http:\/\/blog.marosh.cz\/index.php\/wp-json\/wp\/v2\/posts"}],"about":[{"href":"http:\/\/blog.marosh.cz\/index.php\/wp-json\/wp\/v2\/types\/post"}],"author":[{"embeddable":true,"href":"http:\/\/blog.marosh.cz\/index.php\/wp-json\/wp\/v2\/users\/1"}],"replies":[{"embeddable":true,"href":"http:\/\/blog.marosh.cz\/index.php\/wp-json\/wp\/v2\/comments?post=337"}],"version-history":[{"count":0,"href":"http:\/\/blog.marosh.cz\/index.php\/wp-json\/wp\/v2\/posts\/337\/revisions"}],"wp:attachment":[{"href":"http:\/\/blog.marosh.cz\/index.php\/wp-json\/wp\/v2\/media?parent=337"}],"wp:term":[{"taxonomy":"category","embeddable":true,"href":"http:\/\/blog.marosh.cz\/index.php\/wp-json\/wp\/v2\/categories?post=337"},{"taxonomy":"post_tag","embeddable":true,"href":"http:\/\/blog.marosh.cz\/index.php\/wp-json\/wp\/v2\/tags?post=337"}],"curies":[{"name":"wp","href":"https:\/\/api.w.org\/{rel}","templated":true}]}}