{"id":227,"date":"2008-12-23T22:14:13","date_gmt":"2008-12-23T21:14:13","guid":{"rendered":"http:\/\/blog.marosh.cz\/?p=227"},"modified":"2008-12-23T22:14:13","modified_gmt":"2008-12-23T21:14:13","slug":"ozralejs-byl-jako-pes-tak-jsem-ti-poslal-mms","status":"publish","type":"post","link":"http:\/\/blog.marosh.cz\/index.php\/2008\/12\/23\/ozralejs-byl-jako-pes-tak-jsem-ti-poslal-mms\/","title":{"rendered":"O\u017eralejs byl jako pes, tak jsem ti poslal MMS!"},"content":{"rendered":"<p>Zhruba p\u0159ed dv\u011bma lety Prahy 6 zavedla na sv\u00fdch str\u00e1nk\u00e1ch mo\u017enost upozor\u0148ovat na nejr\u016fzn\u011bj\u0161\u00ed ne\u0161vary pomoc\u00ed zasl\u00e1n\u00ed MMS na <a href=\"mailto:mms@praha6.cz\">mms@praha6.cz<\/a>. Nejsem notorick\u00fd st\u011b\u017eova\u010d, kter\u00e9mu by d\u011blalo radost h\u00e1dat se naprosto kv\u016fli v\u0161emu (na to m\u00e1me v rodin\u011b jin\u00e9 adepty), a tak jsem se danou slu\u017ebu rozhodl vyzkou\u0161et a\u017e nyn\u00ed. P\u0159ijde mi toti\u017e divn\u00e9, \u017ee sotva rok po n\u00e1kladn\u00e9 oprav\u011b chodn\u00edk\u016f, kterou se na\u0161e radnice pod n\u00e1zvem \u201eChodn\u00edkov\u00fd program\u201c prs\u00ed na v\u0161echny strany (t\u0159eba na <a href=\"http:\/\/www.sestka.cz\/index.php?clanek=1530\" target=\"_blank\" rel=\"noopener\">tuhle stranu<\/a> btw: vid\u00edte jak tam post\u00e1vaj\u00ed? <a href=\"http:\/\/www.autotrend.cz\/index.php?option=com_content&amp;task=view&amp;id=1574&amp;Itemid=27\" target=\"_blank\" rel=\"noopener\">sem<\/a> a t\u0159eba <a href=\"https:\/\/eos.praha.eu\/jnp\/cz\/obcan\/urady\/mestske_casti\/praha6\/opravy_ulice.html\" target=\"_blank\" rel=\"noopener\">tady taky<\/a>) u\u017e chodn\u00edky pomalu odch\u00e1zej\u00ed. Nav\u00edc je opravdu \u201epozoruhodn\u00e9\u201c, \u017ee n\u011bkdo vyprojektuje chodn\u00edk v jedn\u00e9 rovin\u011b s povrchem vozovky v \u00fazk\u00e9 zat\u00e1\u010dce, kde nav\u00edc z jedn\u00e9 strany povol\u00ed parkov\u00e1n\u00ed. \u0158idi\u010di v\u011bt\u0161\u00edch automobil\u016f si pak p\u0159es chodn\u00edk zat\u00e1\u010dku narovn\u00e1vaj\u00ed a chodn\u00edk jde do h\u00e1je. Jedin\u00e9 vysv\u011btlen\u00ed, kter\u00e9 jsem ochotn\u00fd p\u0159ijmout je, \u017ee pan projektant byl na plech kdy\u017e to maloval, proto\u017ee pokud ne, tak je prost\u011b blbec.<\/p>\n<p>Ale abych se vr\u00e1til ke slu\u017ebe \u201eLok\u00e1ln\u00ed MMSing\u201c \u2013 poslal jsem zpr\u00e1vu v t\u00e9to podob\u011b:<\/p>\n<p><em><span style=\"color: #000000;\">Dobr\u00fd den,zas\u00edl\u00e1m fotografii chodn\u00edku v ulici Na Pernik\u00e1\u0159ce (p\u0159esn\u011bji z<\/span><span style=\"color: #000000;\"><br \/>\n<\/span><span style=\"color: #000000;\"> &#8220;n\u00e1m\u011bst\u00ed\u010dka&#8221; v m\u00edst\u011b spojen\u00ed s ul. Zvonick\u00e1), kde sotva rok po<\/span><span style=\"color: #000000;\"><br \/>\n<\/span><span style=\"color: #000000;\"> &#8220;Chodn\u00edkov\u00e9m programu&#8221; vypad\u00e1 chodn\u00edk takto. Nechci soudit zda-li tomu<\/span><span style=\"color: #000000;\"><br \/>\n<\/span><span style=\"color: #000000;\"> tak je z d\u016fvodu nekvalitn\u00ed dla\u017edi\u010dsk\u00e9 pr\u00e1ce \u010di nedomy\u0161len\u00e9ho \u0159e\u0161en\u00ed chodn\u00edk\u016f v t\u00e9to lokalit\u011b<\/span><span style=\"color: #000000;\"><br \/>\n<\/span><span style=\"color: #000000;\"> (jsou na stejn\u00e9 \u00farovni s vozovkou a auta si p\u0159es n\u011b &#8220;narovn\u00e1vaj\u00ed&#8221;<\/span><span style=\"color: #000000;\"><br \/>\n<\/span><span style=\"color: #000000;\"> zat\u00e1\u010dku), pros\u00edm v\u0161ak o jeho opraven\u00ed.<\/span><\/em><\/p>\n<p><span style=\"color: #000000;\"><em>S pozdravem<\/em><\/span><\/p>\n<p><span style=\"color: #000000;\"><em> <\/em><\/span><span style=\"color: #000000;\"><em>M. Novotn\u00fd<\/em><\/span><\/p>\n<p>a s touto fotografi\u00ed:<\/p>\n<figure id=\"attachment_228\" aria-describedby=\"caption-attachment-228\" style=\"width: 320px\" class=\"wp-caption aligncenter\"><a href=\"http:\/\/blog.marosh.cz\/wp-content\/uploads\/2008\/12\/pernikarka.jpg\"><img loading=\"lazy\" class=\"size-medium wp-image-228 \" title=\"pernikarka\" src=\"http:\/\/blog.marosh.cz\/wp-content\/uploads\/2008\/12\/pernikarka-320x426.jpg\" alt=\"\u201eNov\u00fd\u201c chodn\u00edk\" width=\"320\" height=\"426\" \/><\/a><figcaption id=\"caption-attachment-228\" class=\"wp-caption-text\">\u201eNov\u00fd\u201c chodn\u00edk<\/figcaption><\/figure>\n<p>v p\u00e1tek 21.11. odpoledne.<\/p>\n<p>V \u00fater\u00fd 25.11. se obejvila na webu Prahy 6, kupodivu v necenzurovan\u00e9 podob\u011b a se \u017elut\u00fdm podkladem a n\u00e1pisem prob\u00edh\u00e1 \u0159e\u0161en\u00ed a o den pozd\u011bji ji\u017e byla opat\u0159ena n\u00e1pisem s podkladem zelen\u00fdm p\u0159ed\u00e1no odpov\u011bdn\u00e9mu subjektu &#8211; Technick\u00e1 spr\u00e1va komunikac\u00ed hl.m.Prahy\u2026 p\u0159edpokl\u00e1d\u00e1l jsem, \u017ee to tak z\u016fstane.<\/p>\n<p>Nez\u016fstalo \u2013 minul\u00fd t\u00fdden p\u0159ed odjezdem na hory jsem si v\u0161imnul, \u017ee chodn\u00edk n\u011bkdo \u201er\u00e1doby vyspravil\u201c. Na webu P6 se nic nezm\u011bnilo, tak\u017ee netu\u0161\u00edm jestli to m\u00e1 b\u00fdt ona oprava nebo se projevil n\u011bkdo z m\u00fdch soused\u016f jako dla\u017edi\u010d-amat\u00e9r. Podle kvality odveden\u00e9 pr\u00e1ce bych ale h\u00e1dal sp\u00ed\u0161e druhou variantu.<\/p>\n<p>Nerad bych, aby \u010dl\u00e1nek vyzn\u011bl negativn\u011b &#8211; jak \u201echodn\u00edkov\u00fd program\u201c, tak \u201elok\u00e1ln\u00ed MMSing\u201c hodnot\u00edm jako dobr\u00e9 projekty, kter\u00e9 maj\u00ed smysl, akor\u00e1t v p\u0159\u00edpad\u011b chodn\u00edkov\u00e9ho programu by to cht\u011blo tvrd\u0161\u00ed ruku, p\u0159i schvalov\u00e1n\u00ed a kontrole projekt\u016f i odveden\u00e9 pr\u00e1ce (to by ostatn\u011b cht\u011blo u <a href=\"http:\/\/www.ceskenoviny.cz\/regiony\/praha\/index_view.php?id=350971\" target=\"_blank\" rel=\"noopener\">radnice hospoda\u0159\u00edc\u00ed se schodkem 736 mega<\/a> tak jako tak) a u \u201elok\u00e1ln\u00edho MMSingu\u201c nejen evidovat do\u0161l\u00e9 probl\u00e9my, ale tak\u00e9 tla\u010dit na jejich \u0159e\u0161en\u00ed, a\u0165 lid\u00e9 vid\u00ed, \u017ee jejich snaha m\u00e1 n\u011bjak\u00fd smysl.<\/p>\n","protected":false},"excerpt":{"rendered":"<p>Zhruba p\u0159ed dv\u011bma lety Prahy 6 zavedla na sv\u00fdch str\u00e1nk\u00e1ch mo\u017enost upozor\u0148ovat na nejr\u016fzn\u011bj\u0161\u00ed ne\u0161vary pomoc\u00ed zasl\u00e1n\u00ed MMS na mms@praha6.cz. Nejsem notorick\u00fd st\u011b\u017eova\u010d, kter\u00e9mu by d\u011blalo radost h\u00e1dat se naprosto kv\u016fli v\u0161emu (na to m\u00e1me v rodin\u011b jin\u00e9 adepty), a tak jsem se danou slu\u017ebu rozhodl vyzkou\u0161et a\u017e nyn\u00ed. P\u0159ijde mi toti\u017e divn\u00e9, \u017ee sotva [&hellip;]<\/p>\n","protected":false},"author":2,"featured_media":0,"comment_status":"open","ping_status":"open","sticky":false,"template":"","format":"standard","meta":[],"categories":[7],"tags":[62,126,189],"_links":{"self":[{"href":"http:\/\/blog.marosh.cz\/index.php\/wp-json\/wp\/v2\/posts\/227"}],"collection":[{"href":"http:\/\/blog.marosh.cz\/index.php\/wp-json\/wp\/v2\/posts"}],"about":[{"href":"http:\/\/blog.marosh.cz\/index.php\/wp-json\/wp\/v2\/types\/post"}],"author":[{"embeddable":true,"href":"http:\/\/blog.marosh.cz\/index.php\/wp-json\/wp\/v2\/users\/2"}],"replies":[{"embeddable":true,"href":"http:\/\/blog.marosh.cz\/index.php\/wp-json\/wp\/v2\/comments?post=227"}],"version-history":[{"count":0,"href":"http:\/\/blog.marosh.cz\/index.php\/wp-json\/wp\/v2\/posts\/227\/revisions"}],"wp:attachment":[{"href":"http:\/\/blog.marosh.cz\/index.php\/wp-json\/wp\/v2\/media?parent=227"}],"wp:term":[{"taxonomy":"category","embeddable":true,"href":"http:\/\/blog.marosh.cz\/index.php\/wp-json\/wp\/v2\/categories?post=227"},{"taxonomy":"post_tag","embeddable":true,"href":"http:\/\/blog.marosh.cz\/index.php\/wp-json\/wp\/v2\/tags?post=227"}],"curies":[{"name":"wp","href":"https:\/\/api.w.org\/{rel}","templated":true}]}}