{"id":217,"date":"2008-12-12T19:19:59","date_gmt":"2008-12-12T18:19:59","guid":{"rendered":"http:\/\/blog.marosh.cz\/?p=217"},"modified":"2008-12-12T19:19:59","modified_gmt":"2008-12-12T18:19:59","slug":"marek-a-marek-pro-olympiadu-v-praze-ale-jen-v-roce-2028","status":"publish","type":"post","link":"http:\/\/blog.marosh.cz\/index.php\/2008\/12\/12\/marek-a-marek-pro-olympiadu-v-praze-ale-jen-v-roce-2028\/","title":{"rendered":"Marek a Marek pro olympi\u00e1du v Praze (ale jen v roce 2028!)"},"content":{"rendered":"<p>Tuhle jsem si zase n\u011bco \u010detl o \u201eobecn\u011b prosp\u011b\u0161n\u00e9\u201c \ud83d\ude42 spole\u010dnosti PRAHA OLYMPIJSK\u00c1. Ta je sama o sob\u011b docela zaj\u00edmav\u00e1, proto\u017ee zat\u00edm nedok\u00e1zala krom\u011b p\u00e1r kuri\u00f3zn\u00edch matematick\u00fdch v\u00fdpo\u010dt\u016f celkov\u00e9 ceny olympi\u00e1dy v\u016fbec nic a <a href=\"http:\/\/zpravy.idnes.cz\/praha.asp?c=A081211_111822_praha_lpo\" target=\"_blank\" rel=\"noopener\">u\u017e n\u00e1s to st\u00e1lo sedmdes\u00e1t mega<\/a>.<\/p>\n<p>Ono se nen\u00ed \u010demu divit, kdy\u017e si \u0161\u00e9f \u201eobecn\u011b prosp\u011b\u0161n\u00e9\u201c spole\u010dnosti (\u201eops\u201c) <a href=\"http:\/\/www.tyden.cz\/chat-s-osobnosti\/tomas-petera\/?page=1\" target=\"_blank\" rel=\"noopener\">vypl\u00e1c\u00ed 100k za m\u011bs\u00edc<\/a> a je\u0161t\u011b se m\u00e1lem lituje, \u017ee je to m\u00e1lo.<\/p>\n<p>To si pak \u010dlov\u011bk klade ot\u00e1zku, jestli i tu <a href=\"http:\/\/proc-ne.ihned.cz\/2-22422330-50p000_d-88\" target=\"_blank\" rel=\"noopener\">A8<\/a> plat\u00ed Praha olympijsk\u00e1 nebo dokonce jestli Praha olympijsk\u00e1 nekoupila i to <a href=\"http:\/\/www.super.cz\/clanek\/8548-diano-kobzanova-on-je-zenaty.html\" target=\"_blank\" rel=\"noopener\">Porsche pro Dianu<\/a>.   \ud83d\ude42 Ale jak je v \u201e\u010dl\u00e1nku\u201c (mysl\u00edte, \u017ee na super.cz  jsou \u010dl\u00e1nky nebo \u201e\u010dl\u00e1nky\u201c?) uvedeno, pan Petera m\u00e1 i jin\u00e9 p\u0159\u00edjmy, tak douf\u00e1m, \u017ee ne&#8230;<\/p>\n<figure id=\"attachment_221\" aria-describedby=\"caption-attachment-221\" style=\"width: 268px\" class=\"wp-caption aligncenter\"><a href=\"http:\/\/blog.marosh.cz\/wp-content\/uploads\/2008\/12\/viktorjetakyvtymu.jpg\"><img loading=\"lazy\" class=\"size-medium wp-image-221\" title=\"viktorjetakyvtymu\" src=\"http:\/\/blog.marosh.cz\/wp-content\/uploads\/2008\/12\/viktorjetakyvtymu.jpg\" alt=\"Viktor je taky v t\u00fdmu... a rozhodn\u011b nen\u00ed s\u00e1m.\" width=\"268\" height=\"463\" \/><\/a><figcaption id=\"caption-attachment-221\" class=\"wp-caption-text\">Viktor je taky v t\u00fdmu... a rozhodn\u011b nen\u00ed s\u00e1m.<\/figcaption><\/figure>\n<p>Ale o \u010dem jsem cht\u011bl hlavn\u011b ps\u00e1t \u2013 dal\u0161\u00ed \u010dlov\u011bk v \u201eops\u201c je Karel Tejkal, spolumajitel PR&amp;PA (n\u011bkdy V\u00e1m vysv\u011btl\u00edm, jak\u00fd je v tom rozd\u00edl) agentury Q and A s.r.o. \u2013 tak\u017ee m\u016f\u017eete \u0159ekl bych i \u00fasp\u011b\u0161n\u011b h\u00e1dat, kam plyne t\u011bch ca. dvacet mega z rozpo\u010dtu \u201eops\u201c, kter\u00e9 vyd\u00e1v\u00e1 na Marketing a PR. Ano,\u00a0nejen Viktor,\u00a0ale i tito lid\u00e9 jsou v n\u00e1rodn\u00edm t\u00fdmu.<\/p>\n<p>Te\u010f co je ale nejv\u011bt\u0161\u00ed legrace \u2013 olympijsk\u00e9 dom\u00e9ny \u2013 Q and A, alias Tejkal dr\u017e\u00ed celou \u0159adu dom\u00e9n jako praha2016.cz, olympijskehry2016.cz, oh2016.cz, oh2020.cz\u2026 zkr\u00e1tka n\u011bjakou tu des\u00edtku mo\u017enost\u00ed. S v\u00fdjimkou praha2024.cz a prague2024.cz jsou ale v\u0161echny ty adresy na rok 2016 (kdy se Praha nedostala ani mezi kandid\u00e1tsk\u00e1 m\u011bsta) nebo 2020 (kdy s nejv\u011bt\u0161\u00ed pravd\u011bpodobnost\u00ed nevyhraje). Pokud m\u00e1 n\u011bjakou \u0161anci, vid\u011bl bych to na rok 2024, 2028 nebo 2032.<br \/>\nOsobn\u011b jsem si vsadil na 2028 a tak jsem u voln\u00e9 <a href=\"http:\/\/www.praha2028.cz\">praha2028.cz<\/a> neme\u0161kal. Av\u0161ak \u0159\u00edk\u00e1m si, \u017ee je\u0161t\u011b cenn\u011bj\u0161\u00ed by byla \u201e.comka\u201c v anglick\u00e9m zn\u011bn\u00ed prague2028.com\u2026 jenom\u017ee mrknu na domaintools.com a kdo se tam na m\u011b sm\u011bje? JUDr. PhDr. Marek Anto\u0161, Ph.D.  &#8211; co\u017e je \u010dlov\u011bk, kter\u00fd m\u00e1 asi mili\u00f3n r\u016fzn\u00fdch aktivit a mimo jin\u00e9 m\u011b u\u010d\u00ed st\u00e1tov\u011bdu. \ud83d\ude42 Jak je ten sv\u011bt mal\u00fd.<\/p>\n<p>btw: Za opravdov\u00fd hardcore pova\u017euji, \u017ee u\u017e je regl\u00e9 nejen prague2028.com, ale i prague2032.com, prague2036.com, prague2040.com, prague2044.com a prague2048.com\u2026 to snad lidi registruj\u00ed pro svoje vnou\u010data nebo co. \ud83d\ude42<\/p>\n<p><strong>Olympijsk\u00fd duch produkuje puch a otravuje vzduch!<\/strong><\/p>\n","protected":false},"excerpt":{"rendered":"<p>Tuhle jsem si zase n\u011bco \u010detl o \u201eobecn\u011b prosp\u011b\u0161n\u00e9\u201c \ud83d\ude42 spole\u010dnosti PRAHA OLYMPIJSK\u00c1. Ta je sama o sob\u011b docela zaj\u00edmav\u00e1, proto\u017ee zat\u00edm nedok\u00e1zala krom\u011b p\u00e1r kuri\u00f3zn\u00edch matematick\u00fdch v\u00fdpo\u010dt\u016f celkov\u00e9 ceny olympi\u00e1dy v\u016fbec nic a u\u017e n\u00e1s to st\u00e1lo sedmdes\u00e1t mega. Ono se nen\u00ed \u010demu divit, kdy\u017e si \u0161\u00e9f \u201eobecn\u011b prosp\u011b\u0161n\u00e9\u201c spole\u010dnosti (\u201eops\u201c) vypl\u00e1c\u00ed 100k za [&hellip;]<\/p>\n","protected":false},"author":1,"featured_media":0,"comment_status":"open","ping_status":"open","sticky":false,"template":"","format":"standard","meta":[],"categories":[5],"tags":[241,256,267,269,278,333],"_links":{"self":[{"href":"http:\/\/blog.marosh.cz\/index.php\/wp-json\/wp\/v2\/posts\/217"}],"collection":[{"href":"http:\/\/blog.marosh.cz\/index.php\/wp-json\/wp\/v2\/posts"}],"about":[{"href":"http:\/\/blog.marosh.cz\/index.php\/wp-json\/wp\/v2\/types\/post"}],"author":[{"embeddable":true,"href":"http:\/\/blog.marosh.cz\/index.php\/wp-json\/wp\/v2\/users\/1"}],"replies":[{"embeddable":true,"href":"http:\/\/blog.marosh.cz\/index.php\/wp-json\/wp\/v2\/comments?post=217"}],"version-history":[{"count":0,"href":"http:\/\/blog.marosh.cz\/index.php\/wp-json\/wp\/v2\/posts\/217\/revisions"}],"wp:attachment":[{"href":"http:\/\/blog.marosh.cz\/index.php\/wp-json\/wp\/v2\/media?parent=217"}],"wp:term":[{"taxonomy":"category","embeddable":true,"href":"http:\/\/blog.marosh.cz\/index.php\/wp-json\/wp\/v2\/categories?post=217"},{"taxonomy":"post_tag","embeddable":true,"href":"http:\/\/blog.marosh.cz\/index.php\/wp-json\/wp\/v2\/tags?post=217"}],"curies":[{"name":"wp","href":"https:\/\/api.w.org\/{rel}","templated":true}]}}