{"id":1006,"date":"2012-11-27T21:20:17","date_gmt":"2012-11-27T20:20:17","guid":{"rendered":"http:\/\/blog.marosh.cz\/?p=996"},"modified":"2012-11-27T21:20:17","modified_gmt":"2012-11-27T20:20:17","slug":"privatizace-bytoveho-fondu-sestka-style","status":"publish","type":"post","link":"http:\/\/blog.marosh.cz\/index.php\/2012\/11\/27\/privatizace-bytoveho-fondu-sestka-style\/","title":{"rendered":"Privatizace bytov\u00e9ho fondu: \u0161estka style"},"content":{"rendered":"<p>\u0158ekn\u011bme, \u017ee chcete prodat svoji nemovitost. Jak budete postupovat? Ned\u00e1te o tom nikomu v\u011bd\u011bt a budete se sna\u017eit o co nejmen\u0161\u00ed okruh z\u00e1jemc\u016f? \u017de ne? A p\u0159itom pr\u00e1v\u011b takhle to d\u011bl\u00e1 M\u011bstsk\u00e1 \u010d\u00e1st Praha 6. V radni\u010dn\u00edch novin\u00e1ch jsou d\u016fle\u017eit\u00e9 informace o tom, \u017ee na Praze 6 za\u010dal \u00faklid spadan\u00e9ho list\u00ed a \u017ee Eva a Ji\u0159\u00ed Zaj\u00ed\u010dkovi oslavili 55 let spole\u010dn\u00e9ho \u017eivota (v\u0161echna \u010dest!), ov\u0161em informace o prodeji byt\u016f chyb\u00ed. Stejn\u011b tak ofici\u00e1ln\u00ed webov\u00e9 str\u00e1nky m\u011bstsk\u00e9 \u010d\u00e1sti \u2013 i ty o prodeji ml\u010d\u00ed&#8230;<\/p>\n<p>&nbsp;<\/p>\n<p>P\u0159itom od jara tohoto roku u\u017e takhle pustili tak 50 \u2013 100 byt\u016f. Jedin\u00e9 m\u00edsto, kde lze <a href=\"http:\/\/sneo.cz\/vyberova-rizeni-na-prodej-bytu\">informace o prodeji<\/a> z\u00edskat je webov\u00e1 str\u00e1nka dce\u0159in\u00e9 spole\u010dnosti Prahy 6 \u2013 SNEO a.s. a p\u0159\u00edpadn\u011b v\u00a0z\u00e1pisech z\u00a0rady a zastupitelstva P6. V\u00a0t\u011bchto prodej\u00edch \u201enejvy\u0161\u0161\u00ed nab\u00eddce\u201c se prod\u00e1vaj\u00ed byty, kter\u00e9 pat\u0159\u00ed m\u011bstsk\u00e9 \u010d\u00e1sti a jejich\u017e n\u00e1jemci pov\u011bt\u0161inou zem\u0159eli a byty se nedaj\u00ed op\u011btovn\u011b pronajmout. Byty jsou v\u011bt\u0161inou men\u0161\u00ed (do 50m2) a z\u00a0v\u00fd\u0161e uveden\u00e9ho vypl\u00fdv\u00e1, \u017ee velk\u00e1 \u010d\u00e1st z\u00a0nich je ve velmi zanedban\u00e9m stavu. Na druhou stranu jsou \u010dasto v dobr\u00fdch lokalit\u00e1ch (centr\u00e1ln\u00ed Dejvice, Bubene\u010d, St\u0159e\u0161ovice, B\u0159evnov), p\u0159\u00edpadn\u011b v\u00a0dosahu nov\u011b prodlu\u017eovan\u00e9ho metra A. \u00dasm\u011bvn\u011b proto p\u016fsob\u00ed debaty v\u00a0zastupitelstvu, zda-li tyto prodeje neprob\u00edhaj\u00ed \u201epod cenou\u201c a byty n\u00e1hodou neskupuj\u00ed p\u0159ekupn\u00edci a neprod\u00e1vaj\u00ed je d\u00e1l. N\u00e1hodou jo, no:<\/p>\n<p>&nbsp;<\/p>\n<figure id=\"attachment_997\" aria-describedby=\"caption-attachment-997\" style=\"width: 320px\" class=\"wp-caption aligncenter\"><a href=\"http:\/\/blog.marosh.cz\/wp-content\/uploads\/2012\/11\/hruska1.jpg\"><img loading=\"lazy\" class=\"size-medium wp-image-997\" title=\"hruska1\" src=\"http:\/\/blog.marosh.cz\/wp-content\/uploads\/2012\/11\/hruska1-320x240.jpg\" alt=\"Hru\u0161ka kupuje\" width=\"320\" height=\"240\" \/><\/a><figcaption id=\"caption-attachment-997\" class=\"wp-caption-text\">Hru\u0161ka kupuje<\/figcaption><\/figure>\n<p>&nbsp;<\/p>\n<figure id=\"attachment_998\" aria-describedby=\"caption-attachment-998\" style=\"width: 320px\" class=\"wp-caption aligncenter\"><a href=\"http:\/\/blog.marosh.cz\/wp-content\/uploads\/2012\/11\/hruska2.jpg\"><img loading=\"lazy\" class=\"size-medium wp-image-998\" title=\"hruska2\" src=\"http:\/\/blog.marosh.cz\/wp-content\/uploads\/2012\/11\/hruska2-320x240.jpg\" alt=\"Hru\u0161ka prod\u00e1v\u00e1\" width=\"320\" height=\"240\" \/><\/a><figcaption id=\"caption-attachment-998\" class=\"wp-caption-text\">Hru\u0161ka prod\u00e1v\u00e1<\/figcaption><\/figure>\n<p>&nbsp;<\/p>\n<p>Samoz\u0159ejm\u011b jsem m\u011bl pod\u00e1no na x byt\u016f v ka\u017ed\u00e9m kole, ale v\u011bt\u0161inou jsem byl tak chamtiv\u00fd, \u017ee jsem nab\u00eddl m\u00e9n\u011b ne\u017e in\u017een\u00fdr Hru\u0161ka a jemu podobn\u00ed (respektive jsem nab\u00eddnul cenu za m2 odpov\u00eddaj\u00edc\u00ed pro byty na Vlastin\u011b \u010di v Ruzyni a m\u00ed\u0159il jsem m\u00edsto toho na v\u00fd\u0161e zm\u00edn\u011bn\u00e9 lokality) a tud\u00ed\u017e jsem nezabodoval. Ur\u010dit\u011b je\u0161t\u011b n\u011bjak\u00e1 kola budou (\u201ezdroje tu jsou\u201c), tak\u017ee jsem t\u00edmhle z\u00e1piskem tak trochu proti sob\u011b, ale bavil jsem se o tom se <a href=\"http:\/\/www.skrblik.cz\">str\u00fd\u010dkem Skrbl\u00edkem<\/a> ze Sudet a sl\u00edbil mu poslat odkaz. No a najednou je z toho p\u0159\u00edsp\u011bvek&#8230;<\/p>\n","protected":false},"excerpt":{"rendered":"<p>\u0158ekn\u011bme, \u017ee chcete prodat svoji nemovitost. Jak budete postupovat? Ned\u00e1te o tom nikomu v\u011bd\u011bt a budete se sna\u017eit o co nejmen\u0161\u00ed okruh z\u00e1jemc\u016f? \u017de ne? A p\u0159itom pr\u00e1v\u011b takhle to d\u011bl\u00e1 M\u011bstsk\u00e1 \u010d\u00e1st Praha 6. V radni\u010dn\u00edch novin\u00e1ch jsou d\u016fle\u017eit\u00e9 informace o tom, \u017ee na Praze 6 za\u010dal \u00faklid spadan\u00e9ho list\u00ed a \u017ee Eva a [&hellip;]<\/p>\n","protected":false},"author":2,"featured_media":0,"comment_status":"open","ping_status":"open","sticky":false,"template":"","format":"standard","meta":[],"categories":[7],"tags":[57,238,268,275,310],"_links":{"self":[{"href":"http:\/\/blog.marosh.cz\/index.php\/wp-json\/wp\/v2\/posts\/1006"}],"collection":[{"href":"http:\/\/blog.marosh.cz\/index.php\/wp-json\/wp\/v2\/posts"}],"about":[{"href":"http:\/\/blog.marosh.cz\/index.php\/wp-json\/wp\/v2\/types\/post"}],"author":[{"embeddable":true,"href":"http:\/\/blog.marosh.cz\/index.php\/wp-json\/wp\/v2\/users\/2"}],"replies":[{"embeddable":true,"href":"http:\/\/blog.marosh.cz\/index.php\/wp-json\/wp\/v2\/comments?post=1006"}],"version-history":[{"count":0,"href":"http:\/\/blog.marosh.cz\/index.php\/wp-json\/wp\/v2\/posts\/1006\/revisions"}],"wp:attachment":[{"href":"http:\/\/blog.marosh.cz\/index.php\/wp-json\/wp\/v2\/media?parent=1006"}],"wp:term":[{"taxonomy":"category","embeddable":true,"href":"http:\/\/blog.marosh.cz\/index.php\/wp-json\/wp\/v2\/categories?post=1006"},{"taxonomy":"post_tag","embeddable":true,"href":"http:\/\/blog.marosh.cz\/index.php\/wp-json\/wp\/v2\/tags?post=1006"}],"curies":[{"name":"wp","href":"https:\/\/api.w.org\/{rel}","templated":true}]}}